{"id":31,"date":"2023-01-16T10:00:55","date_gmt":"2023-01-16T09:00:55","guid":{"rendered":"http:\/\/www.lejardindenylou.com\/?p=31"},"modified":"2023-02-25T20:28:54","modified_gmt":"2023-02-25T19:28:54","slug":"oser-se-lancer","status":"publish","type":"post","link":"https:\/\/www.lejardindenylou.com\/index.php\/2023\/01\/16\/oser-se-lancer\/","title":{"rendered":"Oser se lancer&#8230;"},"content":{"rendered":"\n<p><span class=\"uppercase\">Ce moment, je l&rsquo;ai tant de fois r\u00eav\u00e9, tant de fois imagin\u00e9&#8230; J&rsquo;<\/span>ai m\u00eame tent\u00e9 \u00e0 plusieurs reprises de le provoquer sans r\u00e9ellement y arriver.  Ce moment, je l&rsquo;ai patiemment attendu nourrissant et ch\u00e9rissant chaque avanc\u00e9e, chaque petit pas r\u00e9duisant l&rsquo;\u00e9cart qui m&rsquo;en s\u00e9parait encore, maudissant les retours en arri\u00e8re, les pas de c\u00f4t\u00e9, les doutes et les maintes tentatives infructueuses&#8230; Et puis j&rsquo;ai accept\u00e9.  <\/p>\n\n\n\n<p><em><mark style=\"background-color:#fbf7f7\" class=\"has-inline-color has-secondary-color\">Accepter que le m\u00fbrissement op\u00e9rait toujours en moi et que le fruit n&rsquo;\u00e9tait pas encore arriv\u00e9 \u00e0 maturit\u00e9.  Parce que r\u00e9colter un fruit qui n&rsquo;est pas m\u00fbr, c&rsquo;est go\u00fbter \u00e0 son \u00e2pret\u00e9.<\/mark><\/em><\/p>\n\n\n\n<p>Ce moment o\u00f9 enfin, en total alignement avec mon \u00e2me, j&rsquo;oserai franchir le cap d&rsquo;exprimer ma v\u00e9rit\u00e9 \u00e0 la face du monde.  Sans honte, sans g\u00eane, sans peur du jugement ni de la critique.<\/p>\n\n\n\n<p class=\"has-text-align-left\">Je n&rsquo;avais alors saisi ni l&rsquo;importance ni la n\u00e9cessit\u00e9 d&rsquo;accepter de l\u00e2cher l&rsquo;ancien sous toutes ses formes.  Laisser derri\u00e8re moi mes vieilles peaux de serpent, mes attachements, mes peurs et &#8230; mes illusions.   Je n&rsquo;avais pas saisi que tant que ce minutieux travail de d\u00e9lestage ne serait pas suffisamment avanc\u00e9, il ne me serait pas possible d&rsquo;atteindre ce moment.  <\/p>\n\n\n\n<p class=\"has-text-align-left\">Alors, j&rsquo;ai accept\u00e9.  Accepter de plonger dans la foi, dans le d\u00e9nuement et aussi dans le renoncement&#8230;<\/p>\n\n\n\n<p>Car c&rsquo;est bien le renoncement qui m&rsquo;a r\u00e9ellement permis d&rsquo;entamer ce nouveau voyage.  Il est impossible pour un voilier de prendre le large tant que son ancre et ses amarres le relient encore au port&#8230; Ce n&rsquo;est qu&rsquo;apr\u00e8s avoir d\u00e9nou\u00e9 avec pr\u00e9cision, m\u00e9thode et courage (sic ! ) chaque cordage jusqu&rsquo;\u00e0 l&rsquo;ultime, que le bateau peut d\u00e9finitivement naviguer vers de nouveaux horizons, entamer ce voyage vers ces nouvelles contr\u00e9es tant convoit\u00e9es.  <\/p>\n\n\n\n<p>Finalement, il s&rsquo;agit d&rsquo;une v\u00e9ritable mue&#8230; Celle de l&rsquo;\u00e2me.<\/p>\n\n\n\n<p>Je ne sais pas exactement o\u00f9 la vie me m\u00e8nera mais je sais maintenant qu&rsquo;elle attendait de moi que je l\u00e2che totalement prise et que je d\u00e9veloppe ma foi, La Foi.<\/p>\n\n\n\n<p class=\"has-text-align-left\"><em><mark style=\"background-color:#fbf7f7\" class=\"has-inline-color has-secondary-color\">J&rsquo;ai appris en chemin qu&rsquo;il faut oser sauter dans le vide pour faire l&rsquo;exp\u00e9rience du plein.<\/mark><\/em><\/p>\n\n\n\n<p class=\"has-text-align-left\">Et le voici, le voil\u00e0, ce moment o\u00f9 avec confiance et avec assurance, j&rsquo;\u00e9cris ces premi\u00e8res lignes.  Celles d&rsquo;un nouveau d\u00e9part, d&rsquo;une renaissance, celles de la manifestation d&rsquo;un long et p\u00e9rilleux chemin int\u00e9rieur.  Ces lignes et ces mots qui transcendent l&rsquo;\u00e9go au b\u00e9n\u00e9fice de l&rsquo;\u00e2me, il m&rsquo;aura fallu plusieurs ann\u00e9es pour arriver \u00e0 les poser avec non seulement joie, s\u00e9r\u00e9nit\u00e9 mais aussi avec une once de fiert\u00e9, je dois bien l&rsquo;avouer !<\/p>\n\n\n\n<p class=\"has-secondary-color has-text-color has-small-font-size\"><code><em>Avec tout mon amour - Nylou<\/em><\/code><\/p>\n\n\n\n<p class=\"has-text-align-right has-secondary-color has-text-color has-small-font-size\">Photo libre de droit &#8211; pexels.com<\/p>\n","protected":false},"excerpt":{"rendered":"<p>Ce moment, je l&rsquo;ai tant de fois r\u00eav\u00e9, tant de fois imagin\u00e9&#8230; J&rsquo;ai m\u00eame tent\u00e9 \u00e0 plusieurs reprises de le provoquer sans r\u00e9ellement y arriver. Ce moment, je l&rsquo;ai patiemment attendu nourrissant et ch\u00e9rissant chaque avanc\u00e9e, chaque petit pas r\u00e9duisant l&rsquo;\u00e9cart qui m&rsquo;en s\u00e9parait encore, maudissant les retours en arri\u00e8re, les pas de c\u00f4t\u00e9, les [&hellip;]<\/p>\n","protected":false},"author":1,"featured_media":34,"comment_status":"open","ping_status":"open","sticky":false,"template":"","format":"standard","meta":{"jetpack_post_was_ever_published":false,"_jetpack_newsletter_access":"","_jetpack_dont_email_post_to_subs":false,"_jetpack_newsletter_tier_id":0,"_jetpack_memberships_contains_paywalled_content":false,"_jetpack_memberships_contains_paid_content":false,"footnotes":""},"categories":[11],"tags":[9,12,10],"class_list":["post-31","post","type-post","status-publish","format-standard","has-post-thumbnail","hentry","category-developper-sa-conscience","tag-maturite","tag-passer-a-laction","tag-respecter-son-rythme"],"jetpack_featured_media_url":"https:\/\/i0.wp.com\/www.lejardindenylou.com\/wp-content\/uploads\/2023\/01\/pexels-photo-1143002.jpeg.webp?fit=1880%2C1251&ssl=1","jetpack-related-posts":[],"jetpack_sharing_enabled":true,"_links":{"self":[{"href":"https:\/\/www.lejardindenylou.com\/index.php\/wp-json\/wp\/v2\/posts\/31","targetHints":{"allow":["GET"]}}],"collection":[{"href":"https:\/\/www.lejardindenylou.com\/index.php\/wp-json\/wp\/v2\/posts"}],"about":[{"href":"https:\/\/www.lejardindenylou.com\/index.php\/wp-json\/wp\/v2\/types\/post"}],"author":[{"embeddable":true,"href":"https:\/\/www.lejardindenylou.com\/index.php\/wp-json\/wp\/v2\/users\/1"}],"replies":[{"embeddable":true,"href":"https:\/\/www.lejardindenylou.com\/index.php\/wp-json\/wp\/v2\/comments?post=31"}],"version-history":[{"count":2,"href":"https:\/\/www.lejardindenylou.com\/index.php\/wp-json\/wp\/v2\/posts\/31\/revisions"}],"predecessor-version":[{"id":111,"href":"https:\/\/www.lejardindenylou.com\/index.php\/wp-json\/wp\/v2\/posts\/31\/revisions\/111"}],"wp:featuredmedia":[{"embeddable":true,"href":"https:\/\/www.lejardindenylou.com\/index.php\/wp-json\/wp\/v2\/media\/34"}],"wp:attachment":[{"href":"https:\/\/www.lejardindenylou.com\/index.php\/wp-json\/wp\/v2\/media?parent=31"}],"wp:term":[{"taxonomy":"category","embeddable":true,"href":"https:\/\/www.lejardindenylou.com\/index.php\/wp-json\/wp\/v2\/categories?post=31"},{"taxonomy":"post_tag","embeddable":true,"href":"https:\/\/www.lejardindenylou.com\/index.php\/wp-json\/wp\/v2\/tags?post=31"}],"curies":[{"name":"wp","href":"https:\/\/api.w.org\/{rel}","templated":true}]}}