{"id":1080,"date":"2024-03-07T16:01:51","date_gmt":"2024-03-07T15:01:51","guid":{"rendered":"http:\/\/www.lejardindenylou.com\/?p=1080"},"modified":"2024-03-07T16:01:51","modified_gmt":"2024-03-07T15:01:51","slug":"lintuition-la-voix-de-lame","status":"publish","type":"post","link":"https:\/\/www.lejardindenylou.com\/index.php\/2024\/03\/07\/lintuition-la-voix-de-lame\/","title":{"rendered":"L&rsquo;intuition, la voix de l&rsquo;\u00e2me&#8230;"},"content":{"rendered":"\n<p>Tout au long de ce parcours initiatique d&rsquo;\u00e9veil aux dimensions spirituelles de l&rsquo;\u00eatre, je me suis d\u00e9couverte <strong>grande intuitive<\/strong>.  Je me suis d\u00e9couverte des facilit\u00e9s pour entrer en connexion avec ce que l&rsquo;on appelle commun\u00e9ment, les plans subtils ou les plans vibratoirement plus \u00e9lev\u00e9s.  <\/p>\n\n\n\n<p>Durant la plus grande partie de ma vie, je n&rsquo;en avais absolument aucune conscience.  A vrai dire, <strong>issue d&rsquo;un milieu mat\u00e9rialiste, cart\u00e9sien et peu ouvert au monde de l&rsquo;esprit<\/strong>, j&rsquo;\u00e9tais loin d&rsquo;imaginer que chacun est pourvu d&rsquo;intuition et encore moins qu&rsquo;il est possible de d\u00e9velopper celle-ci.<\/p>\n\n\n\n<p>C&rsquo;est en participant \u00e0 un premier stage de d\u00e9veloppement personnel dans le Sud de la France en pays Cathare que je me suis rendue compte pour la premi\u00e8re fois qu&rsquo;il m&rsquo;\u00e9tait possible de <strong>recevoir des informations depuis le centre de mon int\u00e9riorit\u00e9 <\/strong>sans aucune logique apparente et ind\u00e9pendamment de toute connaissance pr\u00e9alablement acquise.<\/p>\n\n\n\n<p>Une <strong>m\u00e9ditation guid\u00e9e<\/strong> nous invitait \u00e0 un voyage int\u00e9rieur, nous plongeant dans un <strong>\u00e9tat de conscience l\u00e9g\u00e8rement alt\u00e9r\u00e9.<\/strong>  La guidance nous invitait \u00e0 nous interroger sur les prochaines \u00e9tapes de notre vie et \u00e0 laisser monter en nous spontan\u00e9ment les images, les visions, les sensations et \u00e9motions sans aucune censure.  C&rsquo;est alors que, sur mes plans int\u00e9rieurs, je me suis retrouv\u00e9e face \u00e0 un \u00ab\u00a0guide\u00a0\u00bb prenant la forme d&rsquo;un vieux sage \u00e0 la barbe blanche m&rsquo;indiquant qu&rsquo;il serait opportun que je m&rsquo;int\u00e9resse et que je me forme \u00e0 la r\u00e9flexologie plantaire.  Math\u00e9maticienne de formation, cart\u00e9sienne &#8211; \u00e0 l&rsquo;\u00e9poque &#8211; jusqu&rsquo;au bout des ongles, jamais au grand jamais il en me serait venu \u00e0 l&rsquo;id\u00e9e d&rsquo;entreprendre une telle d\u00e9marche, ni m\u00eame d&rsquo;envisager que je pourrais y trouver le moindre int\u00e9r\u00eat.  Masser les pieds d&rsquo;autres personnes me semblait totalement inatteignable et hors de port\u00e9e.<\/p>\n\n\n\n<p>De retour en Belgique, ayant \u00e9t\u00e9 fortement marqu\u00e9e par cette exp\u00e9rience int\u00e9rieure, j&rsquo;ai commenc\u00e9 \u00e0 m&rsquo;informer et ai finalement d\u00e9cid\u00e9 de m&rsquo;inscrire \u00e0 une formation, me rassurant en me disant que je n&rsquo;avais pas grand chose \u00e0 perdre.  J&rsquo;en ressortirais au minimum enrichie d&rsquo;exp\u00e9rience et de nouvelle rencontres.  <\/p>\n\n\n\n<p class=\"has-text-align-center has-secondary-color has-tertiary-background-color has-text-color has-background has-link-color wp-elements-da21628e37a60765021eea3edd1f7a0a\">J&rsquo;\u00e9tais alors loin d&rsquo;imaginer o\u00f9 ce premier pas m&#8217;emm\u00e8nerait et avec le recul, je peux t\u00e9moigner qu&rsquo;il a ouvert beaucoup de portes en moi.  Parfois je me demande ce que ma vie serait devenue <strong>si je n&rsquo;avais pas fait le choix de suivre mon intuition&#8230;<\/strong><\/p>\n\n\n\n<hr class=\"wp-block-separator has-alpha-channel-opacity\"\/>\n\n\n\n<h2 class=\"wp-block-heading\">Qu&rsquo;est-ce que l&rsquo;intuition ?<\/h2>\n\n\n\n<p>L&rsquo;intuition est commun\u00e9ment per\u00e7ue comme une <strong>compr\u00e9hension imm\u00e9diate et instinctive,<\/strong> sans l&rsquo;intervention de la r\u00e9flexion consciente. C&rsquo;est cette facult\u00e9 \u00ab\u00a0myst\u00e9rieuse\u00a0\u00bb qui permet \u00e0 une personne de saisir des v\u00e9rit\u00e9s, des connaissances, ou de prendre des d\u00e9cisions sans besoin d&rsquo;un raisonnement analytique explicite. Certains la d\u00e9crivent comme <strong>une voix int\u00e9rieure, un sixi\u00e8me sens, ou une lumi\u00e8re int\u00e9rieure<\/strong> qui guide vers la v\u00e9rit\u00e9 ou la meilleure d\u00e9cision possible dans une situation donn\u00e9e.<\/p>\n\n\n\n<p>Dans le contexte spirituel, l&rsquo;intuition peut \u00eatre vue comme <strong>un canal d&rsquo;acc\u00e8s \u00e0 une sagesse plus profonde qui transcende le savoir intellectuel<\/strong>. Elle serait alors une connexion \u00e0 une source divine ou universelle, une porte ouverte sur l&rsquo;inconscient ou sur des dimensions non-physiques de l&rsquo;existence.<\/p>\n\n\n\n<p>Le d\u00e9veloppement de l&rsquo;intuition peut \u00eatre un \u00e9l\u00e9ment essentiel d&rsquo;un parcours initiatique, car il encourage la personne \u00e0 faire confiance \u00e0 ses propres perceptions et \u00e0 se d\u00e9tacher du bruit des influences ext\u00e9rieures. Ce type d&rsquo;\u00e9veil spirituel est souvent caract\u00e9ris\u00e9 par une plus grande sensibilit\u00e9 aux signaux subtils de la vie, une capacit\u00e9 accrue \u00e0 lire entre les lignes et \u00e0 percevoir des r\u00e9alit\u00e9s qui ne sont pas imm\u00e9diatement \u00e9videntes pour le mental rationnel.<\/p>\n\n\n\n<blockquote class=\"wp-block-quote is-layout-flow wp-block-quote-is-layout-flow\">\n<p><em><mark style=\"background-color:#fbf7f7\" class=\"has-inline-color has-secondary-color\">L\u2019intuition est la grande voix de l\u2019inconnu vers lequel nous pousse notre destin\u00e9e.<\/mark><\/em><\/p>\n<cite>Minou Petrovski<\/cite><\/blockquote>\n\n\n\n<p>Pour celui ou celle qui s&rsquo;engage dans un tel voyage, l&rsquo;intuition devient alors un guide pr\u00e9cieux et un outil de transformation personnelle. Elle r\u00e9v\u00e8le son potentiel inestimable lorsque, comme dans l&rsquo;exp\u00e9rience relat\u00e9e, l&rsquo;individu parvient \u00e0 s&rsquo;aligner avec son essence et \u00e0 int\u00e9grer cette dimension intuitive dans tous les aspects de sa vie.<\/p>\n\n\n\n<hr class=\"wp-block-separator has-alpha-channel-opacity\"\/>\n\n\n\n<h2 class=\"wp-block-heading\">L&rsquo;intuition &amp; les clair-sens<\/h2>\n\n\n\n<p>Vous l&rsquo;aurez compris, se reconnecter et <strong>d\u00e9velopper son intuition<\/strong> est une <strong>\u00e9tape importante<\/strong> et incontournable, dans une d\u00e9marche d<strong>&lsquo;\u00e9mancipation spirituelle.<\/strong><\/p>\n\n\n\n<p class=\"has-text-align-center has-pale-pink-color has-tertiary-background-color has-text-color has-background has-link-color has-josefin-sans-font-family has-medium-font-size wp-elements-59217beb567b35c13c25cc920e75d015\"><strong><em>L&rsquo;intuition, c&rsquo;est la voix de l&rsquo;\u00e2me<\/em><\/strong> !<\/p>\n\n\n\n<p>De mon point de vue, se placer \u00e0 l&rsquo;\u00e9coute son \u00e2me et lui faire confiance revient \u00e0 se laisser guider par son intuition. <\/p>\n\n\n\n<p>Apprendre \u00e0 dialoguer avec son \u00e2me, c&rsquo;est d\u00e9velopper son intuition.  Et oui, fort heureusement, cela s&rsquo;apprend !<\/p>\n\n\n\n<p>L&rsquo;intuition peut \u00eatre vue comme une \u00ab\u00a0fonction psychique\u00a0\u00bb \u00e0 part enti\u00e8re.  Elle fait appel aux sens subtils, aussi appel\u00e9s clair-sens : clair-voyance, clair-audience, clair-sentience, clair-odorat ou encore clair-go\u00fbt.  Il s&rsquo;agit de l&rsquo;\u00e9quivalent de nos 5 sens physiques.  Si ceux-ci nous permettent de naviguer sur le plan terrestre, les clairs-sens nous permettent de naviguer sur les plans \u00e9nerg\u00e9tiques et subtils.  La liste des clair-sens est loin d&rsquo;\u00eatre exhaustive, notons en particulier la clair-connaissance ou le clair-savoir qui permet d&rsquo;acc\u00e9der notamment \u00e0 des sagesses ancestrales log\u00e9es dans les tr\u00e9fonds de notre psych\u00e9.<\/p>\n\n\n\n<p>L&rsquo;\u00e2me \u00e9tant par nature vibratoire et subtile, elle utilise nos sens subtils pour entrer en contact avec nous.  D\u00e8s lors, la premi\u00e8re \u00e9tape \u00e0 franchir pour d\u00e9velopper son intuition est d&rsquo;apprendre \u00e0 faire le calme \u00e0 l&rsquo;int\u00e9rieur.<\/p>\n\n\n\n<p>La m\u00e9ditation est bien entendu une voie royale pour se reconnecter et exercer son intuition mais il en existe d&rsquo;autres que je d\u00e9velopperai dans un prochain article.<\/p>\n\n\n\n<hr class=\"wp-block-separator has-alpha-channel-opacity\"\/>\n\n\n\n<p class=\"has-text-align-center has-secondary-color has-tertiary-background-color has-text-color has-background has-link-color wp-elements-d140827ddbaf9874c71e5629295c21fb\"><strong>D&rsquo;ici l\u00e0, je vous enjoins et vous encourage \u00e0 oser \u00e9couter votre intuition, \u00e0 prendre en consid\u00e9ration cette petite voix int\u00e9rieure dans des situations de votre quotidien sans grande cons\u00e9quence.  Faites-vos propres exp\u00e9riences &amp; peut-\u00eatre d\u00e9couvrirez-vous une nouvelle saveur \u00e0 la Vie !<\/strong><\/p>\n\n\n\n<hr class=\"wp-block-separator has-alpha-channel-opacity\"\/>\n\n\n\n<blockquote class=\"wp-block-quote is-layout-flow wp-block-quote-is-layout-flow\">\n<p><em>\u00ab\u00a0<mark style=\"background-color:#fbf7f7\" class=\"has-inline-color has-secondary-color\">Je te l&rsquo;avais dit\u00a0\u00bb, cordialement<\/mark><\/em><\/p>\n<cite><strong>Ton intuition<\/strong><\/cite><\/blockquote>\n\n\n\n<p class=\"has-secondary-color has-text-color has-small-font-size\"><em><kbd>Avec tout mon amour<\/kbd><\/em><kbd>&nbsp;<em>- Nylou<\/em><\/kbd><\/p>\n\n\n\n<p class=\"has-text-align-right has-secondary-color has-text-color has-small-font-size\">Photo libre de droit \u2013 pexels.com<\/p>\n","protected":false},"excerpt":{"rendered":"<p>Tout au long de ce parcours initiatique d&rsquo;\u00e9veil aux dimensions spirituelles de l&rsquo;\u00eatre, je me suis d\u00e9couverte grande intuitive. Je me suis d\u00e9couverte des facilit\u00e9s pour entrer en connexion avec ce que l&rsquo;on appelle commun\u00e9ment, les plans subtils ou les plans vibratoirement plus \u00e9lev\u00e9s. Durant la plus grande partie de ma vie, je n&rsquo;en avais [&hellip;]<\/p>\n","protected":false},"author":1,"featured_media":1081,"comment_status":"open","ping_status":"open","sticky":false,"template":"","format":"standard","meta":{"jetpack_post_was_ever_published":false,"_jetpack_newsletter_access":"","_jetpack_dont_email_post_to_subs":false,"_jetpack_newsletter_tier_id":0,"_jetpack_memberships_contains_paywalled_content":false,"_jetpack_memberships_contains_paid_content":false,"footnotes":""},"categories":[11,5,1,6],"tags":[14,8,28],"class_list":["post-1080","post","type-post","status-publish","format-standard","has-post-thumbnail","hentry","category-developper-sa-conscience","category-eveil-spirituel","category-non-classe","category-spiritualite","tag-a-propos-de-moi","tag-eveil-spirituel","tag-intuition"],"jetpack_featured_media_url":"https:\/\/i0.wp.com\/www.lejardindenylou.com\/wp-content\/uploads\/2024\/03\/pexels-photo-167698.jpeg?fit=1880%2C1253&ssl=1","jetpack-related-posts":[],"jetpack_sharing_enabled":true,"_links":{"self":[{"href":"https:\/\/www.lejardindenylou.com\/index.php\/wp-json\/wp\/v2\/posts\/1080","targetHints":{"allow":["GET"]}}],"collection":[{"href":"https:\/\/www.lejardindenylou.com\/index.php\/wp-json\/wp\/v2\/posts"}],"about":[{"href":"https:\/\/www.lejardindenylou.com\/index.php\/wp-json\/wp\/v2\/types\/post"}],"author":[{"embeddable":true,"href":"https:\/\/www.lejardindenylou.com\/index.php\/wp-json\/wp\/v2\/users\/1"}],"replies":[{"embeddable":true,"href":"https:\/\/www.lejardindenylou.com\/index.php\/wp-json\/wp\/v2\/comments?post=1080"}],"version-history":[{"count":9,"href":"https:\/\/www.lejardindenylou.com\/index.php\/wp-json\/wp\/v2\/posts\/1080\/revisions"}],"predecessor-version":[{"id":1096,"href":"https:\/\/www.lejardindenylou.com\/index.php\/wp-json\/wp\/v2\/posts\/1080\/revisions\/1096"}],"wp:featuredmedia":[{"embeddable":true,"href":"https:\/\/www.lejardindenylou.com\/index.php\/wp-json\/wp\/v2\/media\/1081"}],"wp:attachment":[{"href":"https:\/\/www.lejardindenylou.com\/index.php\/wp-json\/wp\/v2\/media?parent=1080"}],"wp:term":[{"taxonomy":"category","embeddable":true,"href":"https:\/\/www.lejardindenylou.com\/index.php\/wp-json\/wp\/v2\/categories?post=1080"},{"taxonomy":"post_tag","embeddable":true,"href":"https:\/\/www.lejardindenylou.com\/index.php\/wp-json\/wp\/v2\/tags?post=1080"}],"curies":[{"name":"wp","href":"https:\/\/api.w.org\/{rel}","templated":true}]}}